{"id":2278,"date":"2006-05-28T22:17:14","date_gmt":"2006-05-28T20:17:14","guid":{"rendered":"http:\/\/martyho.net\/?p=2278"},"modified":"2019-07-21T22:31:19","modified_gmt":"2019-07-21T20:31:19","slug":"ctyrkolka-finalni-montaz","status":"publish","type":"post","link":"https:\/\/martyho.net\/index.php\/2006\/05\/28\/ctyrkolka-finalni-montaz\/","title":{"rendered":"\u010cty\u0159kolka &#8211; fin\u00e1ln\u00ed mont\u00e1\u017e"},"content":{"rendered":"\n<p><strong>Rozebr\u00e1n\u00ed, obrou\u0161en\u00ed a opraven\u00ed sv\u00e1r\u016f<\/strong><br> (18.6.2005)<\/p>\n\n\n\n<p>Tak a u\u017e se bl\u00ed\u017e\u00ed etapa, na kterou se u\u017e MOC t\u011b\u0161\u00edm, a to \u010dist\u00e1 kompletace \u010dty\u0159kolky. Nejd\u0159\u00edv jsem celou \u010dty\u0159kolku rozebral do \u0161roubk\u016f, a za\u010dal s fini\u0161ov\u00e1n\u00edm r\u00e1mu. Obrousil jsem ho dr\u00e1t\u011bn\u00fdm kart\u00e1\u010dem na vrta\u010dce, opravil n\u011bkter\u00e9 sv\u00e1ry, zabrousil je, a op\u011bt o\u010distil v\u0161echno dr\u00e1t\u011bn\u00fdm kart\u00e1\u010dem tak, aby se to lesklo a nebyla nikde rez. D\u00e1le jsem to odmastil PerchlorEthylenem a nast\u0159\u00edkal z\u00e1kladovkou ve spreji (\u0161ediv\u00e1). Bohu\u017eel mi do\u0161la v p\u016fli pr\u00e1ce :o(. Tak\u017ee dneska, pokud j\u00ed stihnu koupit, to dod\u011bl\u00e1m \u2026<\/p>\n\n\n\n<p>\u2026 a stalo se &#8211; m\u00e1m nast\u0159\u00edkan\u00fd r\u00e1m. Uzn\u00e1v\u00e1m, \u017ee po konstrukt\u00e9rsk\u00e9 str\u00e1nce to nen\u00ed nic moc, a \u017ee je nakonec fajn, \u017ee v\u011bt\u0161ina bude zakryt\u00e1, ale co \u2026 pro jeden exempl\u00e1\u0159 to nem\u00e1 cenu projektovat v CADu. Posu\u010fte na obr\u00e1zku \u2026<\/p>\n\n\n\n<p>D\u00e1le jsem vy\u0159e\u0161il spojen\u00ed osy \u0159id\u00edtek a osy \u0159\u00edzen\u00ed. P\u016fvodn\u00ed verze \u010depu \u0159\u00edzen\u00ed nebyla dostate\u010dn\u011b trval\u00fdm \u0159e\u0161en\u00edm, proto\u017ee se vyma\u010dk\u00e1val \u0161roub, kter\u00fd byl pou\u017eit jako \u010dep. Pokud bych dal pouze pevn\u011bj\u0161\u00ed \u010dep, vyma\u010dk\u00e1vala by se zase tenkost\u011bnn\u00e1 trubka, ze kter\u00e9 jsou osy ud\u011bl\u00e1ny. Tak\u017ee to cht\u011blo promy\u0161len\u011bnj\u0161\u00ed \u0159e\u0161en\u00ed, a to se snad povedlo. Do vnit\u0159n\u00ed trubky jsem veva\u0159il ocelovou kulatinu (pr\u016fm\u011br 16mm) a na vn\u011bj\u0161\u00ed jsem nechal ud\u011blat &#8222;svorn\u00edk&#8220;. A skrz to vede pevnostn\u00ed \u0161roub.<\/p>\n\n\n\n<ul class=\"wp-block-gallery columns-2 is-cropped wp-block-gallery-1 is-layout-flex wp-block-gallery-is-layout-flex\"><li class=\"blocks-gallery-item\"><figure><img decoding=\"async\" loading=\"lazy\" width=\"200\" height=\"187\" src=\"https:\/\/martyho.net\/wp-content\/uploads\/2019\/07\/osa_rizeni_cep.jpg\" alt=\"\" data-id=\"2279\" data-link=\"https:\/\/martyho.net\/?attachment_id=2279\" class=\"wp-image-2279\"\/><figcaption>\u010dep osy \u0159\u00edzen\u00ed<\/figcaption><\/figure><\/li><li class=\"blocks-gallery-item\"><figure><img decoding=\"async\" loading=\"lazy\" width=\"1024\" height=\"888\" src=\"https:\/\/martyho.net\/wp-content\/uploads\/2019\/07\/ram_cerny-1024x888.jpg\" alt=\"\" data-id=\"2280\" data-link=\"https:\/\/martyho.net\/?attachment_id=2280\" class=\"wp-image-2280\" srcset=\"https:\/\/martyho.net\/wp-content\/uploads\/2019\/07\/ram_cerny.jpg 1024w, https:\/\/martyho.net\/wp-content\/uploads\/2019\/07\/ram_cerny-300x260.jpg 300w, https:\/\/martyho.net\/wp-content\/uploads\/2019\/07\/ram_cerny-768x666.jpg 768w\" sizes=\"(max-width: 1024px) 100vw, 1024px\" \/><figcaption> Nast\u0159\u00edkan\u00fd r\u00e1m na kozi\u010dk\u00e1ch <\/figcaption><\/figure><\/li><\/ul>\n\n\n\n<p>A u\u017e jsou obrou\u0161en\u00e1 a nast\u0159\u00edkan\u00e1 p\u0159edn\u00ed ramena, una\u0161e\u010de p\u0159edn\u00edch kol, d\u00edly \u0159\u00edzen\u00ed a zadn\u00ed &#8222;n\u00e1razn\u00edk&#8220;. \u010c\u00e1ste\u010dn\u011b jsem i obrousil zadn\u00ed n\u00e1pravu, ale je\u0161t\u011b m\u011b \u010d\u00e1st \u010dek\u00e1 dneska.<\/p>\n\n\n\n<p><strong>Montujeme \u010dty\u0159kolku, tentokr\u00e1te u\u017e na \u010disto<\/strong><br> (25.6.2005)<\/p>\n\n\n\n<p>Tak\u017ee hl\u00e1s\u00edm: obrou\u0161eno, nast\u0159\u00edk\u00e1no, \u2026 m\u016f\u017eeme za\u010d\u00edt s mont\u00e1\u017e\u00ed. Nejd\u0159\u00edv d\u00e1m dohromady podvozek &#8211; n\u00e1pravy s pru\u017een\u00edm a tlumen\u00edm. Taky osad\u00edm brzdy, zat\u00edm je\u0161t\u011b nebudu propojovat lankama. V\u0161echo hezky o\u010distit, promazat, a\u0165 to n\u011bjak vypad\u00e1, ne? :o) Taky je pot\u0159eba ud\u011blat n\u011bjakou \u00fadr\u017ebu na motoru, a kdy je pro to vhodn\u011bj\u0161\u00ed chv\u00edle, ne\u017e te\u010f, kdy\u017e je venku. Tak\u017ee d\u016fkladn\u00e1 o\u010dista, v\u00fdm\u011bna gufer, t\u011bsn\u011bn\u00ed, vy\u010di\u0161t\u011bn\u00ed karbur\u00e1toru, dekarbonizace v\u00e1lce, v\u00fdm\u011bna sv\u00ed\u010dky.<\/p>\n\n\n\n<ul class=\"wp-block-gallery columns-3 is-cropped wp-block-gallery-3 is-layout-flex wp-block-gallery-is-layout-flex\"><li class=\"blocks-gallery-item\"><figure><img decoding=\"async\" loading=\"lazy\" width=\"1024\" height=\"790\" src=\"https:\/\/martyho.net\/wp-content\/uploads\/2019\/07\/ctyrkolka_podvozek-1024x790.jpg\" alt=\"\" data-id=\"2281\" data-link=\"https:\/\/martyho.net\/?attachment_id=2281\" class=\"wp-image-2281\" srcset=\"https:\/\/martyho.net\/wp-content\/uploads\/2019\/07\/ctyrkolka_podvozek.jpg 1024w, https:\/\/martyho.net\/wp-content\/uploads\/2019\/07\/ctyrkolka_podvozek-300x231.jpg 300w, https:\/\/martyho.net\/wp-content\/uploads\/2019\/07\/ctyrkolka_podvozek-768x593.jpg 768w\" sizes=\"(max-width: 1024px) 100vw, 1024px\" \/><figcaption> Na\u010disto osazen\u00fd podvozek <\/figcaption><\/figure><\/li><li class=\"blocks-gallery-item\"><figure><img decoding=\"async\" loading=\"lazy\" width=\"1024\" height=\"784\" src=\"https:\/\/martyho.net\/wp-content\/uploads\/2019\/07\/ctyrkolka_s_motorem-1024x784.jpg\" alt=\"\" data-id=\"2282\" data-link=\"https:\/\/martyho.net\/?attachment_id=2282\" class=\"wp-image-2282\" srcset=\"https:\/\/martyho.net\/wp-content\/uploads\/2019\/07\/ctyrkolka_s_motorem.jpg 1024w, https:\/\/martyho.net\/wp-content\/uploads\/2019\/07\/ctyrkolka_s_motorem-300x230.jpg 300w, https:\/\/martyho.net\/wp-content\/uploads\/2019\/07\/ctyrkolka_s_motorem-768x588.jpg 768w\" sizes=\"(max-width: 1024px) 100vw, 1024px\" \/><figcaption> Podvozek s motorem a dalsimi komponentami <\/figcaption><\/figure><\/li><li class=\"blocks-gallery-item\"><figure><img decoding=\"async\" loading=\"lazy\" width=\"800\" height=\"563\" src=\"https:\/\/martyho.net\/wp-content\/uploads\/2019\/07\/motor.jpg\" alt=\"\" data-id=\"2283\" data-link=\"https:\/\/martyho.net\/?attachment_id=2283\" class=\"wp-image-2283\" srcset=\"https:\/\/martyho.net\/wp-content\/uploads\/2019\/07\/motor.jpg 800w, https:\/\/martyho.net\/wp-content\/uploads\/2019\/07\/motor-300x211.jpg 300w, https:\/\/martyho.net\/wp-content\/uploads\/2019\/07\/motor-768x540.jpg 768w\" sizes=\"(max-width: 800px) 100vw, 800px\" \/><figcaption> Motor po \u00fadr\u017eb\u011b p\u0159ipraven\u00fd k instalaci do r\u00e1mu <\/figcaption><\/figure><\/li><\/ul>\n\n\n\n<p><strong>Podvozek u\u017e brzd\u00ed, sv\u00edt\u00ed \u2026<br><\/strong> (18.7.2005)<\/p>\n\n\n\n<p>Tak\u017ee lanka pro brzdy jsou natahan\u00e1, brzdy jak\u017e-tak\u017e se\u0159\u00edzen\u00e9, a po se\u0161l\u00e1pnut\u00ed ped\u00e1lu \u2026 d\u017ete se \u2026 BRZD\u00cd TO :o). N\u00e1dr\u017e je u\u017e taky nainstalovan\u00e1 na sv\u00e9m m\u00edst\u011b. Dal\u0161\u00ed krok je natah\u00e1n\u00ed kabel\u016f a &#8222;o\u017eiven\u00ed&#8220; CML. Je\u0161t\u011b sice nen\u00ed vyzkou\u0161en\u00e9 dob\u00edjen\u00ed, ale jinak sp\u00edn\u00e1 zapalov\u00e1n\u00ed, v\u011btr\u00e1\u010dek fouk\u00e1 a sv\u011btla SV\u00cdT\u00cd!! :o) CML je u\u017e na m\u00edst\u011b (v chladi\u010di), zb\u00fdv\u00e1 p\u0159ipojit kabely, kter\u00e9 u\u017e jsou k n\u011bmu ze v\u0161ech \u010d\u00e1st\u00ed \u010dty\u0159kolky svedeny. Ale v\u010dera u\u017e na to skoro nebylo vid\u011bt, tak\u017ee dneska.<\/p>\n\n\n\n<p><strong>Elektrika hotova, \u010dty\u0159kolka osazena na funk\u010dn\u00ed \u00farove\u0148<\/strong><br> (26.7.2005)<\/p>\n\n\n\n<p>A m\u00e1m to za sebou &#8211; \u010dty\u0159kolka u\u017e m\u00e1 elektriku komplet hotovou, tak jsem j\u00ed osadil (bez kapot\u00e1\u017e\u00ed) a\u017e na funk\u010dn\u00ed \u00farove\u0148. Byl taky pokus j\u00ed trochu projet, ale nepoda\u0159ilo se &#8211; n\u011bjak\u00e1 zrada (chytlo, chc\u00edplo) &#8211; bude se \u0159e\u0161it dneska. Taky po men\u0161\u00edch foto-pr\u00e1zdnin\u00e1ch jsem doplnil obr\u00e1zky aktu\u00e1ln\u00edho stavu plus n\u011bjak\u00e9 detaily v\u011bc\u00ed, kter\u00e9 jsem zmi\u0148oval d\u0159\u00edve \u2026<\/p>\n\n\n\n<ul class=\"wp-block-gallery columns-3 is-cropped wp-block-gallery-5 is-layout-flex wp-block-gallery-is-layout-flex\"><li class=\"blocks-gallery-item\"><figure><img decoding=\"async\" loading=\"lazy\" width=\"800\" height=\"713\" src=\"https:\/\/martyho.net\/wp-content\/uploads\/2019\/07\/cml.jpg\" alt=\"\" data-id=\"2284\" data-link=\"https:\/\/martyho.net\/?attachment_id=2284\" class=\"wp-image-2284\" srcset=\"https:\/\/martyho.net\/wp-content\/uploads\/2019\/07\/cml.jpg 800w, https:\/\/martyho.net\/wp-content\/uploads\/2019\/07\/cml-300x267.jpg 300w, https:\/\/martyho.net\/wp-content\/uploads\/2019\/07\/cml-768x684.jpg 768w\" sizes=\"(max-width: 800px) 100vw, 800px\" \/><figcaption> Tak takhle vypad\u00e1 CML <\/figcaption><\/figure><\/li><li class=\"blocks-gallery-item\"><figure><img decoding=\"async\" loading=\"lazy\" width=\"1024\" height=\"920\" src=\"https:\/\/martyho.net\/wp-content\/uploads\/2019\/07\/ctyrkolka_osazena-1024x920.jpg\" alt=\"\" data-id=\"2285\" data-link=\"https:\/\/martyho.net\/?attachment_id=2285\" class=\"wp-image-2285\" srcset=\"https:\/\/martyho.net\/wp-content\/uploads\/2019\/07\/ctyrkolka_osazena.jpg 1024w, https:\/\/martyho.net\/wp-content\/uploads\/2019\/07\/ctyrkolka_osazena-300x270.jpg 300w, https:\/\/martyho.net\/wp-content\/uploads\/2019\/07\/ctyrkolka_osazena-768x690.jpg 768w\" sizes=\"(max-width: 1024px) 100vw, 1024px\" \/><figcaption> Na\u010disto osazen\u00fd funguj\u00edc\u00ed podvozek<\/figcaption><\/figure><\/li><li class=\"blocks-gallery-item\"><figure><img decoding=\"async\" loading=\"lazy\" width=\"771\" height=\"800\" src=\"https:\/\/martyho.net\/wp-content\/uploads\/2019\/07\/elektro.jpg\" alt=\"\" data-id=\"2286\" data-link=\"https:\/\/martyho.net\/?attachment_id=2286\" class=\"wp-image-2286\" srcset=\"https:\/\/martyho.net\/wp-content\/uploads\/2019\/07\/elektro.jpg 771w, https:\/\/martyho.net\/wp-content\/uploads\/2019\/07\/elektro-289x300.jpg 289w, https:\/\/martyho.net\/wp-content\/uploads\/2019\/07\/elektro-768x797.jpg 768w\" sizes=\"(max-width: 771px) 100vw, 771px\" \/><figcaption> Upraven\u00e1 elektrika z Babetty + CML zezadu <\/figcaption><\/figure><\/li><li class=\"blocks-gallery-item\"><figure><img decoding=\"async\" loading=\"lazy\" width=\"800\" height=\"625\" src=\"https:\/\/martyho.net\/wp-content\/uploads\/2019\/07\/snimac_tacho.jpg\" alt=\"\" data-id=\"2287\" data-link=\"https:\/\/martyho.net\/?attachment_id=2287\" class=\"wp-image-2287\" srcset=\"https:\/\/martyho.net\/wp-content\/uploads\/2019\/07\/snimac_tacho.jpg 800w, https:\/\/martyho.net\/wp-content\/uploads\/2019\/07\/snimac_tacho-300x234.jpg 300w, https:\/\/martyho.net\/wp-content\/uploads\/2019\/07\/snimac_tacho-768x600.jpg 768w\" sizes=\"(max-width: 800px) 100vw, 800px\" \/><figcaption> Sn\u00edma\u010d tachometru <\/figcaption><\/figure><\/li><li class=\"blocks-gallery-item\"><figure><img decoding=\"async\" loading=\"lazy\" width=\"800\" height=\"702\" src=\"https:\/\/martyho.net\/wp-content\/uploads\/2019\/07\/vetracek.jpg\" alt=\"\" data-id=\"2288\" data-link=\"https:\/\/martyho.net\/?attachment_id=2288\" class=\"wp-image-2288\" srcset=\"https:\/\/martyho.net\/wp-content\/uploads\/2019\/07\/vetracek.jpg 800w, https:\/\/martyho.net\/wp-content\/uploads\/2019\/07\/vetracek-300x263.jpg 300w, https:\/\/martyho.net\/wp-content\/uploads\/2019\/07\/vetracek-768x674.jpg 768w\" sizes=\"(max-width: 800px) 100vw, 800px\" \/><figcaption> V\u011btr\u00e1\u010dek p\u0159ed motorem <\/figcaption><\/figure><\/li><\/ul>\n\n\n\n<p><strong>Jezd\u00ed \u2026<\/strong><br> (30.7.2005)<\/p>\n\n\n\n<p>Tak m\u011b to potr\u00e1pilo trochu v\u00edc, ne\u017e jsem p\u016fvodn\u011b \u010dekal, ale to v\u0161e p\u0159ed\u010dil v\u00fdsledek &#8211; \u010dty\u0159kolka s ji\u017e komplet a na\u010disto osazen\u00fdm podvozkem, JEZD\u00cd! :o) Je t\u0159eba je\u0161t\u011b trochu po\u0161telovat motor, ale hlavn\u011b, \u017ee to jede \u2026<\/p>\n\n\n\n<p><strong>Usazov\u00e1n\u00ed kapot\u00e1\u017e\u00ed<\/strong><br> (9.8.2005)<\/p>\n\n\n\n<p>Tak\u017ee jsem si v\u010dera kone\u010dn\u011b na\u0161el zase \u010das na \u010dty\u0159kolku. Za\u010dal jsem s usazov\u00e1n\u00edm kapot\u00e1\u017ee, nejprve zadn\u00ed. Na m\u00edsta, kde by se kapot\u00e1\u017e dot\u00fdkala r\u00e1mu, jsem polepil gumou (tlustou 1, 2 nebo 5mm podle pot\u0159eby), aby to nikde nedrn\u010delo, nevrzalo a neod\u00edrala se barva, a\u0165 u\u017e z r\u00e1mu nebo z kapot\u00e1\u017ee. A pak na \u010dty\u0159kolku usadit kapot\u00e1\u017e, provrtat na m\u00edstech, kde jsou na r\u00e1mu p\u0159ipraveny \u00fachyty (v\u011bt\u0161inou u\u017e s vyto\u010den\u00fdm z\u00e1vitem), a p\u0159i\u0161roubovat. Kde to bylo \u017e\u00e1douc\u00ed, tam jsem je\u0161t\u011b trochu p\u0159ibrousil, p\u0159i\u0159\u00edznul, \u2026 v\u00fdsledek je, \u017ee to sed\u00ed! :o)<\/p>\n\n\n\n<p>Tak n\u011bjak si p\u0159i brou\u0161en\u00ed lamin\u00e1tu s br\u00fdlemi na o\u010d\u00edch a respir\u00e1torem na nose a puse nemohu vzpomenout, pro\u010d jsem tuto \u010d\u00e1st stavby nazval &#8222;\u010cist\u00e1 pr\u00e1ce&#8220;<\/p>\n\n\n\n<p><strong>(12.8.2005)<\/strong><\/p>\n\n\n\n<p>A u\u017e m\u00e1m i p\u0159edn\u00ed kapot\u00e1\u017e usazenou \u2026 je\u0161t\u011b p\u0159ilepit gumov\u00e9 podlo\u017eky, ale to u\u017e ud\u011bl\u00e1m, a\u017e ty kapoty zase sund\u00e1m \u2026 dneska zajedu toti\u017e vybrat a koupit barvu, a z\u00edtra, jestli to v\u0161echno dopadne dob\u0159e, se kapoty povezou k lak\u00fdrovi \u2026<\/p>\n\n\n\n<p><strong>St\u0159\u00edk\u00e1n\u00ed kapot\u00e1\u017e\u00ed<\/strong><br> (22.4.2006)<\/p>\n\n\n\n<p>Tak\u017ee zdrav\u00edm po zimn\u00ed p\u0159est\u00e1vce. Lak\u00fdra se toti\u017e po 3 t\u00fddnech, kdy m\u011bl kapoty u sebe, rozhodl, \u017ee se toho boj\u00ed, a \u017ee se mu do toho nechce :o(. A jeliko\u017e tou dobou u\u017e jsme d\u011blali fas\u00e1du, nezbylo, ne\u017e to nechat na jaro. A jeliko\u017e i na ja\u0159e je pr\u00e1ce dost, dostal jsem se ke st\u0159\u00edk\u00e1n\u00ed a\u017e te\u010f.<\/p>\n\n\n\n<p>Tak\u017ee jak to prob\u00edhalo &#8211; vl\u00edtnul jsem na to v sobotu r\u00e1no, ke \u0161vagrovi do d\u00edlny (do lakovac\u00ed m\u00edstnosti), a za\u010dal jsem lehk\u00fdm p\u0159ebrou\u0161en\u00edm. Moc to brousit (a kytovat) nehodl\u00e1m, proto\u017ee mi d\u011bti\u010dky mohou po 14ti dnech \u010dty\u0159kolku op\u0159\u00edt o strom, a co pak?? P\u0159erazit je?? ;o) Tak\u017ee nic extra, p\u0159ebrousit, odmastit, st\u0159\u00edknout plni\u010dem a pak n\u011bjakou tu vrstvi\u010dku barvy, kterou si junior (pochopiteln\u011b) s\u00e1m vybral. Po cca 2 hodin\u00e1ch byly kapoty nast\u0159\u00edkan\u00fd, a po zaschnut\u00ed jsem je zv\u011b\u010dnil &#8211; posu\u010fte sami:<\/p>\n\n\n\n<ul class=\"wp-block-gallery columns-2 is-cropped wp-block-gallery-7 is-layout-flex wp-block-gallery-is-layout-flex\"><li class=\"blocks-gallery-item\"><figure><img decoding=\"async\" loading=\"lazy\" width=\"800\" height=\"656\" src=\"https:\/\/martyho.net\/wp-content\/uploads\/2019\/07\/barva_predni.jpg\" alt=\"\" data-id=\"2289\" data-link=\"https:\/\/martyho.net\/?attachment_id=2289\" class=\"wp-image-2289\" srcset=\"https:\/\/martyho.net\/wp-content\/uploads\/2019\/07\/barva_predni.jpg 800w, https:\/\/martyho.net\/wp-content\/uploads\/2019\/07\/barva_predni-300x246.jpg 300w, https:\/\/martyho.net\/wp-content\/uploads\/2019\/07\/barva_predni-768x630.jpg 768w\" sizes=\"(max-width: 800px) 100vw, 800px\" \/><figcaption> Tak takhle vypad\u00e1 nast\u0159\u00edkan\u00e1 p\u0159edn\u00ed kapot\u00e1\u017e <\/figcaption><\/figure><\/li><li class=\"blocks-gallery-item\"><figure><img decoding=\"async\" loading=\"lazy\" width=\"800\" height=\"591\" src=\"https:\/\/martyho.net\/wp-content\/uploads\/2019\/07\/barva_zadni.jpg\" alt=\"\" data-id=\"2290\" data-link=\"https:\/\/martyho.net\/?attachment_id=2290\" class=\"wp-image-2290\" srcset=\"https:\/\/martyho.net\/wp-content\/uploads\/2019\/07\/barva_zadni.jpg 800w, https:\/\/martyho.net\/wp-content\/uploads\/2019\/07\/barva_zadni-300x222.jpg 300w, https:\/\/martyho.net\/wp-content\/uploads\/2019\/07\/barva_zadni-768x567.jpg 768w\" sizes=\"(max-width: 800px) 100vw, 800px\" \/><figcaption> Tak takhle vypad\u00e1 nast\u0159\u00edkan\u00e1 zadn\u00ed kapot\u00e1\u017e <\/figcaption><\/figure><\/li><\/ul>\n\n\n\n<ol><li><strong>D\u011btsk\u00e1 j\u00edzda<\/strong><br> (1.5.2006)<\/li><\/ol>\n\n\n\n<p>Na nast\u0159\u00edkan\u00e9 kapoty bylo pot\u0159eba nalepit gumov\u00e9 &#8222;hrany&#8220;, aby se n\u011bkdo o ostr\u00e9 hrany lamin\u00e1tu nepo\u0159ezal. To jsem na p\u0159edn\u00ed kapot\u00e1\u017ei zvl\u00e1dnul \u010d\u00e1ste\u010dn\u011b v ned\u011bli, a dod\u011blal v\u010dera v dopoledn\u00edch hodin\u00e1ch. Odpoledne po posek\u00e1n\u00ed zahrady a jin\u00fdch &#8222;rodinn\u00fdch&#8220; povinostech :o) to u\u017e bylo zaschl\u00e9, a j\u00e1 se dal do sestaven\u00ed p\u0159edn\u00ed \u010d\u00e1sti \u010dty\u0159kolky. V tu dobu m\u011b ani nenapadlo, \u017ee za n\u011bjakou hodinu budou d\u011bti u\u017e drandit sami. Zvuk nastartovan\u00e9 \u010dty\u0159kolky p\u0159il\u00e1kal ob\u011b star\u0161\u00ed d\u011bti ze zahrady (2 moje, 2 \u0161vagra), j\u00e1 uvid\u011bl jejich rozz\u00e1\u0159en\u00e1 o\u010d\u00ed\u010dka \u2026 a pak se to stalo \u2026<\/p>\n\n\n\n<p>V\u00e1\u017een\u00ed p\u0159\u00e1tel\u00e9 \u2026 ANO\u2026 :o) V\u010dera, 1. kv\u011btna l\u00e9ta p\u00e1n\u011b 2006 v odpoledn\u00edch hodin\u00e1ch jezdily d\u011bti (Ji\u0159\u00edk-5 a Petru\u0161ka-6 let) poprv\u00e9 sami na \u010dty\u0159kolce, opat\u0159en\u00e9 zat\u00edm jen p\u0159edn\u00ed kapot\u00e1\u017e\u00ed (ta je dost d\u016fle\u017eit\u00e1, proto\u017ee na st\u011brku od p\u0159edn\u00edch kol l\u00edt\u00e1 p\u011bknej svin\u010d\u00edk). Jezdili teda jen pomalu (do 10km\/h) po cest\u011b, a j\u00e1 b\u011bhal vedle nich, kdyby n\u00e1hodou ;-). Posu\u010fte podle fotek \u2026<\/p>\n\n\n\n<p>Toto je dal\u0161\u00ed zm\u011bna n\u00e1zoru b\u011bh\u011bm stavby &#8211; p\u016fvodn\u011b d\u011bti m\u011bly jezdit sami a\u017e po \u00fapln\u00e9m zakapotov\u00e1n\u00ed. ;o)<\/p>\n\n\n\n<ul class=\"wp-block-gallery columns-2 is-cropped wp-block-gallery-9 is-layout-flex wp-block-gallery-is-layout-flex\"><li class=\"blocks-gallery-item\"><figure><img decoding=\"async\" loading=\"lazy\" width=\"800\" height=\"639\" src=\"https:\/\/martyho.net\/wp-content\/uploads\/2019\/07\/polokapotovana_barevna.jpg\" alt=\"\" data-id=\"2291\" data-link=\"https:\/\/martyho.net\/?attachment_id=2291\" class=\"wp-image-2291\" srcset=\"https:\/\/martyho.net\/wp-content\/uploads\/2019\/07\/polokapotovana_barevna.jpg 800w, https:\/\/martyho.net\/wp-content\/uploads\/2019\/07\/polokapotovana_barevna-300x240.jpg 300w, https:\/\/martyho.net\/wp-content\/uploads\/2019\/07\/polokapotovana_barevna-768x613.jpg 768w\" sizes=\"(max-width: 800px) 100vw, 800px\" \/><figcaption> Tohle je polohotov\u00e1 \u010dty\u0159kolka <\/figcaption><\/figure><\/li><li class=\"blocks-gallery-item\"><figure><img decoding=\"async\" loading=\"lazy\" width=\"640\" height=\"639\" src=\"https:\/\/martyho.net\/wp-content\/uploads\/2019\/07\/polokapotovana_barevna2.jpg\" alt=\"\" data-id=\"2292\" data-link=\"https:\/\/martyho.net\/?attachment_id=2292\" class=\"wp-image-2292\" srcset=\"https:\/\/martyho.net\/wp-content\/uploads\/2019\/07\/polokapotovana_barevna2.jpg 640w, https:\/\/martyho.net\/wp-content\/uploads\/2019\/07\/polokapotovana_barevna2-150x150.jpg 150w, https:\/\/martyho.net\/wp-content\/uploads\/2019\/07\/polokapotovana_barevna2-300x300.jpg 300w\" sizes=\"(max-width: 640px) 100vw, 640px\" \/><figcaption> a jej\u00ed detail zep\u0159edu <\/figcaption><\/figure><\/li><\/ul>\n\n\n\n<p><strong>Kapoty hotovy \u2026 kone\u010dn\u011b<\/strong><br> (28.5.2006)<\/p>\n\n\n\n<p>Minule jsem se ani nezm\u00ednil, \u017ee pod v\u0161echny \u0161rouby, kter\u00e9 dr\u017e\u00ed kapot\u00e1\u017e, jsem ud\u011blal gumov\u00e9 podlo\u017eky, aby to nikde nedrn\u010delo a aby se kapot\u00e1\u017e neod\u00edrala. \u0160rouby pou\u017e\u00edv\u00e1m s imbusovou hlavou a s l\u00edmcem, aby to bylo chyceno za co nejv\u011bt\u0161\u00ed plochu. Detail je tady.<\/p>\n\n\n\n<div class=\"wp-block-image\"><figure class=\"aligncenter\"><img decoding=\"async\" loading=\"lazy\" width=\"181\" height=\"132\" src=\"https:\/\/martyho.net\/wp-content\/uploads\/2019\/07\/sroub_podlozka.jpg\" alt=\"\" class=\"wp-image-2293\"\/><figcaption> Detail sroubu <\/figcaption><\/figure><\/div>\n\n\n\n<p>Dnes v odpoledn\u00edch hodin\u00e1ch jsem kone\u010dn\u011b usadil i zadn\u00ed kapot\u00e1\u017e a nosi\u010d. Nam\u011b\u0159il jsem si a p\u0159ipravil i uchycen\u00ed krytu \u0159et\u011bzu, ale to jsem nedod\u011blal. Zato kapoty jsou usazeny u\u017e na\u010disto. A pochopiteln\u011b to neuniklo ani d\u011bti\u010dk\u00e1m, kter\u00e9 si hr\u00e1ly na zahrad\u011b. Pravideln\u011b se m\u011b chodily pt\u00e1t, jak mi to jde. ;o) Je\u0161t\u011b n\u011b\u017e jsem poklidil n\u00e1\u0159ad\u00ed okolo \u010dty\u0159kolky, u\u017e m\u011bly helmy a lezly na \u010dty\u0159kolku. Premi\u00e9rovou j\u00edzdu s pln\u011b okapotovanou \u010dty\u0159kolkou jsem zah\u00e1jil &#8222;dlouh\u00fdm&#8220; startov\u00e1n\u00edm, bo jsem zapomn\u011bl pustit benz\u00edn :o). Ale povedlo se &#8211; d\u011bti\u010dky jezdily, a dojezdily se u\u017e k 60km, tak\u017ee a\u010d je \u010dty\u0159kolka \u010derstv\u011b sestaven\u00e1, u\u017e j\u00ed lze pova\u017eovat za zajetou ;o).<\/p>\n\n\n\n<ul class=\"wp-block-gallery columns-3 is-cropped wp-block-gallery-11 is-layout-flex wp-block-gallery-is-layout-flex\"><li class=\"blocks-gallery-item\"><figure><img decoding=\"async\" loading=\"lazy\" width=\"800\" height=\"714\" src=\"https:\/\/martyho.net\/wp-content\/uploads\/2019\/07\/kapoty_hotovy.jpg\" alt=\"\" data-id=\"2294\" data-link=\"https:\/\/martyho.net\/?attachment_id=2294\" class=\"wp-image-2294\" srcset=\"https:\/\/martyho.net\/wp-content\/uploads\/2019\/07\/kapoty_hotovy.jpg 800w, https:\/\/martyho.net\/wp-content\/uploads\/2019\/07\/kapoty_hotovy-300x268.jpg 300w, https:\/\/martyho.net\/wp-content\/uploads\/2019\/07\/kapoty_hotovy-768x685.jpg 768w\" sizes=\"(max-width: 800px) 100vw, 800px\" \/><figcaption> Pln\u011b okapotovan\u00e1 \u010dty\u0159kolka <\/figcaption><\/figure><\/li><li class=\"blocks-gallery-item\"><figure><img decoding=\"async\" loading=\"lazy\" width=\"800\" height=\"683\" src=\"https:\/\/martyho.net\/wp-content\/uploads\/2019\/07\/kapoty_hotovy2.jpg\" alt=\"\" data-id=\"2295\" data-link=\"https:\/\/martyho.net\/?attachment_id=2295\" class=\"wp-image-2295\" srcset=\"https:\/\/martyho.net\/wp-content\/uploads\/2019\/07\/kapoty_hotovy2.jpg 800w, https:\/\/martyho.net\/wp-content\/uploads\/2019\/07\/kapoty_hotovy2-300x256.jpg 300w, https:\/\/martyho.net\/wp-content\/uploads\/2019\/07\/kapoty_hotovy2-768x656.jpg 768w\" sizes=\"(max-width: 800px) 100vw, 800px\" \/><figcaption> Pln\u011b okapotovan\u00e1 \u010dty\u0159kolka <\/figcaption><\/figure><\/li><li class=\"blocks-gallery-item\"><figure><img decoding=\"async\" loading=\"lazy\" width=\"800\" height=\"779\" src=\"https:\/\/martyho.net\/wp-content\/uploads\/2019\/07\/kapoty_hotovy3.jpg\" alt=\"\" data-id=\"2296\" data-link=\"https:\/\/martyho.net\/?attachment_id=2296\" class=\"wp-image-2296\" srcset=\"https:\/\/martyho.net\/wp-content\/uploads\/2019\/07\/kapoty_hotovy3.jpg 800w, https:\/\/martyho.net\/wp-content\/uploads\/2019\/07\/kapoty_hotovy3-300x292.jpg 300w, https:\/\/martyho.net\/wp-content\/uploads\/2019\/07\/kapoty_hotovy3-768x748.jpg 768w\" sizes=\"(max-width: 800px) 100vw, 800px\" \/><figcaption> Pln\u011b okapotovan\u00e1 \u010dty\u0159kolka <\/figcaption><\/figure><\/li><li class=\"blocks-gallery-item\"><figure><img decoding=\"async\" loading=\"lazy\" width=\"800\" height=\"573\" src=\"https:\/\/martyho.net\/wp-content\/uploads\/2019\/07\/kapoty_hotovy4.jpg\" alt=\"\" data-id=\"2297\" data-link=\"https:\/\/martyho.net\/?attachment_id=2297\" class=\"wp-image-2297\" srcset=\"https:\/\/martyho.net\/wp-content\/uploads\/2019\/07\/kapoty_hotovy4.jpg 800w, https:\/\/martyho.net\/wp-content\/uploads\/2019\/07\/kapoty_hotovy4-300x215.jpg 300w, https:\/\/martyho.net\/wp-content\/uploads\/2019\/07\/kapoty_hotovy4-768x550.jpg 768w\" sizes=\"(max-width: 800px) 100vw, 800px\" \/><figcaption> Pln\u011b okapotovan\u00e1 \u010dty\u0159kolka <\/figcaption><\/figure><\/li><li class=\"blocks-gallery-item\"><figure><img decoding=\"async\" loading=\"lazy\" width=\"200\" height=\"170\" src=\"https:\/\/martyho.net\/wp-content\/uploads\/2019\/07\/uz_mame_60.jpg\" alt=\"\" data-id=\"2298\" data-link=\"https:\/\/martyho.net\/?attachment_id=2298\" class=\"wp-image-2298\"\/><figcaption> Pohled na tachometr <\/figcaption><\/figure><\/li><\/ul>\n\n\n\n<p>P.S: Na fotk\u00e1ch je u\u017e trochu patrn\u00e9, \u017ee se k t\u011bm \u0161edes\u00e1ti kilometr\u016fm neprojezdily jen po asfaltu :o)<\/p>\n\n\n\n<p>To\u0165 zat\u00edm v\u0161e \u2026<\/p>\n","protected":false},"excerpt":{"rendered":"<p>Rozebr\u00e1n\u00ed, obrou\u0161en\u00ed a opraven\u00ed sv\u00e1r\u016f (18.6.2005) Tak a u\u017e se bl\u00ed\u017e\u00ed etapa, na kterou se u\u017e MOC t\u011b\u0161\u00edm, a to \u010dist\u00e1 kompletace \u010dty\u0159kolky. Nejd\u0159\u00edv jsem celou \u010dty\u0159kolku rozebral do \u0161roubk\u016f, a za\u010dal s fini\u0161ov\u00e1n\u00edm r\u00e1mu. Obrousil jsem ho dr\u00e1t\u011bn\u00fdm kart\u00e1\u010dem na vrta\u010dce, opravil n\u011bkter\u00e9 sv\u00e1ry, zabrousil je, a op\u011bt o\u010distil v\u0161echno dr\u00e1t\u011bn\u00fdm kart\u00e1\u010dem tak, aby &hellip; <\/p>\n<p class=\"link-more\"><a href=\"https:\/\/martyho.net\/index.php\/2006\/05\/28\/ctyrkolka-finalni-montaz\/\" class=\"more-link\">Pokra\u010dovat ve \u010dten\u00ed<span class=\"screen-reader-text\"> &#8222;\u010cty\u0159kolka &#8211; fin\u00e1ln\u00ed mont\u00e1\u017e&#8220;<\/span><\/a><\/p>\n","protected":false},"author":1,"featured_media":0,"comment_status":"open","ping_status":"open","sticky":false,"template":"","format":"standard","meta":{"footnotes":""},"categories":[62],"tags":[74],"_links":{"self":[{"href":"https:\/\/martyho.net\/index.php\/wp-json\/wp\/v2\/posts\/2278"}],"collection":[{"href":"https:\/\/martyho.net\/index.php\/wp-json\/wp\/v2\/posts"}],"about":[{"href":"https:\/\/martyho.net\/index.php\/wp-json\/wp\/v2\/types\/post"}],"author":[{"embeddable":true,"href":"https:\/\/martyho.net\/index.php\/wp-json\/wp\/v2\/users\/1"}],"replies":[{"embeddable":true,"href":"https:\/\/martyho.net\/index.php\/wp-json\/wp\/v2\/comments?post=2278"}],"version-history":[{"count":1,"href":"https:\/\/martyho.net\/index.php\/wp-json\/wp\/v2\/posts\/2278\/revisions"}],"predecessor-version":[{"id":2299,"href":"https:\/\/martyho.net\/index.php\/wp-json\/wp\/v2\/posts\/2278\/revisions\/2299"}],"wp:attachment":[{"href":"https:\/\/martyho.net\/index.php\/wp-json\/wp\/v2\/media?parent=2278"}],"wp:term":[{"taxonomy":"category","embeddable":true,"href":"https:\/\/martyho.net\/index.php\/wp-json\/wp\/v2\/categories?post=2278"},{"taxonomy":"post_tag","embeddable":true,"href":"https:\/\/martyho.net\/index.php\/wp-json\/wp\/v2\/tags?post=2278"}],"curies":[{"name":"wp","href":"https:\/\/api.w.org\/{rel}","templated":true}]}}