{"id":2222,"date":"2004-10-02T21:21:45","date_gmt":"2004-10-02T19:21:45","guid":{"rendered":"http:\/\/martyho.net\/?p=2222"},"modified":"2019-07-21T21:43:21","modified_gmt":"2019-07-21T19:43:21","slug":"ctyrkolka-motor-sedadlo-nosic-stupacky-brzdy","status":"publish","type":"post","link":"https:\/\/martyho.net\/index.php\/2004\/10\/02\/ctyrkolka-motor-sedadlo-nosic-stupacky-brzdy\/","title":{"rendered":"\u010cty\u0159kolka &#8211; motor, sedadlo, nosi\u010d, stupa\u010dky, brzdy"},"content":{"rendered":"\n<p><strong>Zprovozn\u011bn\u00ed motoru<\/strong><br> (25.9.2004)<\/p>\n\n\n\n<p>Nyn\u00ed, kdy\u017e je konstrukce jak\u017e-tak\u017e ud\u011bl\u00e1na, je t\u0159eba dot\u00e1hnout spoustu dal\u0161\u00edch v\u011bc\u00ed. Jednou z nich je zprovozn\u011bn\u00ed motoru. Tomu br\u00e1n\u00ed v z\u00e1sad\u011b t\u0159i v\u011bci.<\/p>\n\n\n\n<p> 1) Zm\u011bna ovl\u00e1d\u00e1n\u00ed plynu &#8211; nebude oto\u010dn\u00e1 rukov\u011b\u0165, ale p\u00e1\u010dka<br> 2) Zm\u011bna veden\u00ed s\u00e1n\u00ed a nov\u00fd tlumi\u010d s\u00e1n\u00ed<br> 3) Zm\u011bna veden\u00ed a uchycen\u00ed v\u00fdfuku<\/p>\n\n\n\n<p>Prvn\u00ed probl\u00e9m u\u017e m\u00e1m hotov\u00fd &#8211; v\u010dera jsem se na to vrhnul. Na jednu takovou srandu, kterou p\u0159ed sebou tla\u010d\u00edm (v duchu) u\u017e p\u011bkn\u011b dlouho. Ano, je to p\u00e1\u010dka ovl\u00e1d\u00e1n\u00ed plynu. Ta tam prost\u011b bude muset b\u00fdt, a s t\u00edm nic nenad\u011bl\u00e1m. P\u016fvodn\u011b jsem uva\u017eoval, \u017ee bych j\u00ed tam nedal a pou\u017eil klasickou oto\u010dnou rukov\u011b\u0165, ale cosi mi po\u0159\u00e1d \u0159\u00edkalo &#8222;Pro\u010d to tam asi v\u0161ichni v\u00fdrobci d\u00e1vaj\u00ed\u2026?&#8220;. A\u017e m\u011b to napadlo &#8211; jak budu d\u011btem vysv\u011btlovat, \u017ee maj\u00ed &#8222;pustit plyn&#8220;? To akor\u00e1t pust\u00ed \u0159id\u00edtka a bude \u2026 ne, prost\u011b taky ud\u011bl\u00e1m p\u00e1\u010dku.<\/p>\n\n\n\n<div class=\"wp-block-image\"><figure class=\"aligncenter\"><img decoding=\"async\" loading=\"lazy\" width=\"190\" height=\"200\" src=\"https:\/\/martyho.net\/wp-content\/uploads\/2019\/07\/plynova_packa.jpg\" alt=\"\" class=\"wp-image-2237\"\/><figcaption>P\u00e1\u010dka plynu<\/figcaption><\/figure><\/div>\n\n\n\n<p>Jedn\u00e1 se o to, aby se dalo pou\u017e\u00edt origin\u00e1l plynov\u00e9 lanko. Je to Babet\u0165\u00e1ck\u00fd motor, tak tam bude origo lanko. P\u0159eci kdy\u017e se p\u0159etrhne, nebudu vyr\u00e1b\u011bt n\u011bjak\u00e9 speci\u00e1ln\u00ed. Co se t\u00fd\u010de funkce to znamen\u00e1, aby p\u00e1\u010dka byla schopna povyt\u00e1hnout lanko z bowdenu o 10 mm. Alespo\u0148 tolik jsem nam\u011b\u0159il \u2026 T\u011b\u017eko popisovat, jak je to ud\u011blan\u00e9. Asi nejv\u00edc, jako v\u017edy, \u0159eknou fotky\u2026 :o).<\/p>\n\n\n\n<p>P\u0159esko\u010dil jsem prozat\u00edm bod 2, proto\u017ee se objevila mo\u017enost naoh\u00fdb\u00e1n\u00ed v\u00fdfukov\u00e9ho potrub\u00ed &#8211; tak jsem nalo\u017eil \u010dty\u0159kolku do kufru a zavezl j\u00ed do autod\u00edlny, kde mi jedem man\u00edk potrub\u00ed naoh\u00fdbal tak, aby tlumi\u010d v\u00fdfuku mohl b\u00fdt um\u00edst\u011bn &#8222;nad \u0159et\u011bzem&#8220;.<\/p>\n\n\n\n<ul class=\"wp-block-gallery columns-2 is-cropped wp-block-gallery-1 is-layout-flex wp-block-gallery-is-layout-flex\"><li class=\"blocks-gallery-item\"><figure><img decoding=\"async\" loading=\"lazy\" width=\"344\" height=\"640\" src=\"https:\/\/martyho.net\/wp-content\/uploads\/2019\/07\/vyfuk1.jpg\" alt=\"\" data-id=\"2223\" data-link=\"https:\/\/martyho.net\/?attachment_id=2223\" class=\"wp-image-2223\" srcset=\"https:\/\/martyho.net\/wp-content\/uploads\/2019\/07\/vyfuk1.jpg 344w, https:\/\/martyho.net\/wp-content\/uploads\/2019\/07\/vyfuk1-161x300.jpg 161w\" sizes=\"(max-width: 344px) 100vw, 344px\" \/><figcaption> Nov\u00e9 um\u00edst\u011bn\u00ed v\u00fdfuku<\/figcaption><\/figure><\/li><li class=\"blocks-gallery-item\"><figure><img decoding=\"async\" loading=\"lazy\" width=\"640\" height=\"563\" src=\"https:\/\/martyho.net\/wp-content\/uploads\/2019\/07\/vyfuk2.jpg\" alt=\"\" data-id=\"2224\" data-link=\"https:\/\/martyho.net\/?attachment_id=2224\" class=\"wp-image-2224\" srcset=\"https:\/\/martyho.net\/wp-content\/uploads\/2019\/07\/vyfuk2.jpg 640w, https:\/\/martyho.net\/wp-content\/uploads\/2019\/07\/vyfuk2-300x264.jpg 300w\" sizes=\"(max-width: 640px) 100vw, 640px\" \/><figcaption> Nov\u00e9 um\u00edst\u011bn\u00ed v\u00fdfuku<\/figcaption><\/figure><\/li><\/ul>\n\n\n\n<p>Provizorn\u011b jsem vy\u0159e\u0161il s\u00e1n\u00ed &#8211; vzal jsem 15cm hadice, nastr\u010dil j\u00ed na vy\u00fast\u011bn\u00ed z karbur\u00e1toru, z Babetty jsem vzal origin\u00e1l filtr (dr\u00e1t\u011bnku) a nacpal j\u00ed do t\u00fd hadice \u2026 a je to, prozat\u00edm. Tlumi\u010d s\u00e1n\u00ed toti\u017e budu d\u011blat a\u017e bude ud\u011blan\u00e9 a p\u0159id\u011blan\u00e9 sedlo &#8211; pod n\u011bj \u2026<\/p>\n\n\n\n<p>D\u00e1le bylo pot\u0159eba prov\u00e9st \u00fadr\u017ebu na motoru. Hlavn\u011b vy\u010distit karbur\u00e1tor, v\u00fdfuk a d\u00e1t dokupy spojky. Babetta jich m\u00e1 pom\u011brn\u011b hodn\u011b a p\u0159ecijen ten motor dva roky nejel, tak\u017ee syst\u00e9mem rozborka &#8211; sborka zrdsnit a odmastit v\u0161echny spojky, zkontrolovat gufera, atd \u2026 A nakonec jest\u011b vy\u010distit sv\u00ed\u010dku.<\/p>\n\n\n\n<p>A posledn\u00ed p\u0159ed startem &#8211; mus\u00edm nainstalovat n\u00e1dr\u017e. Dr\u017e\u00e1k m\u00e1m jak\u017e-tak\u017e hotov\u00fd (zat\u00edm pouze sbodovan\u00fd, ale to sta\u010d\u00ed \u2026 Je pot\u0159eba n\u00e1dr\u017e (plastov\u00e1, objem 3l), cca 1m benz\u00ednov\u00e9 hadice o pr\u016fm\u011bru 6mm, a tak\u00e9 upraven\u00fd benz\u00ednov\u00fd kohout. Proto\u017ee m\u00e1m jinou n\u00e1dr\u017e &#8211; um\u011blohmotnou, tak vyvstal probl\u00e9m, jak zav\u00edrat benz\u00edn. Origin\u00e1l kohout z Babetty toti\u017e postr\u00e1d\u00e1 mo\u017enost syst\u00e9mu &#8222;hadi\u010dka-hadi\u010dka&#8220;, prost\u011b se p\u0159i\u0161roubuje na n\u00e1dr\u017e a teprve odtok je \u0159e\u0161en hadi\u010dkou. Tak jsem dumal, jak to ud\u011blat a nakonec se to povedlo. Upravil jsem origin\u00e1l kohout tak, aby \u0161el i p\u0159\u00edvod p\u0159ipojit p\u0159es hadi\u010dku.<\/p>\n\n\n\n<div class=\"wp-block-image\"><figure class=\"aligncenter\"><img decoding=\"async\" loading=\"lazy\" width=\"200\" height=\"182\" src=\"https:\/\/martyho.net\/wp-content\/uploads\/2019\/07\/benzinovy_kohout.jpg\" alt=\"\" class=\"wp-image-2225\"\/><figcaption>upraven\u00fd benz\u00ednov\u00fd kohout<\/figcaption><\/figure><\/div>\n\n\n\n<p><\/p>\n\n\n\n<ol><li><strong>opravdov\u00e1 motorov\u00e1 zku\u0161ebn\u00ed j\u00edzda<\/strong><br> (26.9.2004)<\/li><\/ol>\n\n\n\n<p>Tak a poprv\u00e9 jsem nastartoval motor, se\u0159\u00eddil a vyzko\u0161el to v\u0161echno v praxi. Po cca 3km j\u00edzdy jsem nabral Ji\u0159\u00edka a jeli jsme pro benz\u00edn a &#8222;trochu to projet&#8220; &#8211; cca 14km :o).<\/p>\n\n\n\n<ul class=\"wp-block-gallery columns-2 is-cropped wp-block-gallery-3 is-layout-flex wp-block-gallery-is-layout-flex\"><li class=\"blocks-gallery-item\"><figure><img decoding=\"async\" loading=\"lazy\" width=\"570\" height=\"640\" src=\"https:\/\/martyho.net\/wp-content\/uploads\/2019\/07\/mojemalickost.jpg\" alt=\"\" data-id=\"2226\" data-link=\"https:\/\/martyho.net\/?attachment_id=2226\" class=\"wp-image-2226\" srcset=\"https:\/\/martyho.net\/wp-content\/uploads\/2019\/07\/mojemalickost.jpg 570w, https:\/\/martyho.net\/wp-content\/uploads\/2019\/07\/mojemalickost-267x300.jpg 267w\" sizes=\"(max-width: 570px) 100vw, 570px\" \/><figcaption> A tohle jsem j\u00e1 p\u0159i lad\u011bn\u00ed<\/figcaption><\/figure><\/li><li class=\"blocks-gallery-item\"><figure><img decoding=\"async\" loading=\"lazy\" width=\"518\" height=\"640\" src=\"https:\/\/martyho.net\/wp-content\/uploads\/2019\/07\/prvnizkusebni.jpg\" alt=\"\" data-id=\"2227\" data-link=\"https:\/\/martyho.net\/?attachment_id=2227\" class=\"wp-image-2227\" srcset=\"https:\/\/martyho.net\/wp-content\/uploads\/2019\/07\/prvnizkusebni.jpg 518w, https:\/\/martyho.net\/wp-content\/uploads\/2019\/07\/prvnizkusebni-243x300.jpg 243w\" sizes=\"(max-width: 518px) 100vw, 518px\" \/><figcaption> Po n\u00e1vratu od benzinky, po cca 17km zku\u0161ebn\u00edch j\u00edzd<\/figcaption><\/figure><\/li><\/ul>\n\n\n\n<p>Po n\u00e1vratu od benzinky, po cca 17km zku\u0161ebn\u00edch j\u00edzd  A tohle jsem j\u00e1 p\u0159i lad\u011bn\u00ed<\/p>\n\n\n\n<p><strong>Sedlo<\/strong><br> (25.9.2004)<\/p>\n\n\n\n<p>D\u00e1le p\u0159i\u0161lo na \u0159adu sedlo. Hlavn\u011b, aby Ji\u0159\u00edk u\u017e nemusel jenom st\u00e1t \u2026 a taky abych mohl pod n\u011bj um\u00edstit baterku a tlumi\u010d a filtr s\u00e1n\u00ed. Konstrukce sedla je ud\u011bl\u00e1na ze d\u0159eva &#8211; hlavn\u011b kv\u016fli hmotnosti. A taky nev\u00edm, jak dlouho sedlo &#8222;dom\u00e1c\u00ed v\u00fdroby&#8220; vydr\u017e\u00ed. Kdy\u017e to bude nutn\u00e9, nech\u00e1m ho pak ud\u011blat &#8222;prof\u00edkovi&#8220;. Jako potah jsem pou\u017eil ko\u017eenku. M\u00e1m doma n\u011bjak\u00e9 zbytky, tak alespo\u0148 u\u0161et\u0159\u00edm \u2026 Jako v\u00fdpl\u0148 je tam molitan &#8211; r\u016f\u017eov\u00fd. N\u00e9, \u017ee by z\u00e1le\u017eelo na barv\u011b, ale ta barva reprezentuje &#8222;tuhost&#8220; toho molitanu. Taky zbytek, kter\u00fd jsem m\u011bl doma. A tady je v\u00fdsledek. Ten kovovej bazmek, co je na obr\u00e1zku p\u0159i\u0161roubovanej k sedlu, bude p\u0159iva\u0159enej k r\u00e1mu &#8211; sedlo se bude sundavat samostatn\u011b \u2026<\/p>\n\n\n\n<ul class=\"wp-block-gallery columns-3 is-cropped wp-block-gallery-5 is-layout-flex wp-block-gallery-is-layout-flex\"><li class=\"blocks-gallery-item\"><figure><img decoding=\"async\" loading=\"lazy\" width=\"640\" height=\"443\" src=\"https:\/\/martyho.net\/wp-content\/uploads\/2019\/07\/sedlo_uchyceni.jpg\" alt=\"\" data-id=\"2228\" data-link=\"https:\/\/martyho.net\/?attachment_id=2228\" class=\"wp-image-2228\" srcset=\"https:\/\/martyho.net\/wp-content\/uploads\/2019\/07\/sedlo_uchyceni.jpg 640w, https:\/\/martyho.net\/wp-content\/uploads\/2019\/07\/sedlo_uchyceni-300x208.jpg 300w\" sizes=\"(max-width: 640px) 100vw, 640px\" \/><figcaption> Uchycen\u00ed sedla k r\u00e1mu<\/figcaption><\/figure><\/li><li class=\"blocks-gallery-item\"><figure><img decoding=\"async\" loading=\"lazy\" width=\"640\" height=\"353\" src=\"https:\/\/martyho.net\/wp-content\/uploads\/2019\/07\/sedlo1.jpg\" alt=\"\" data-id=\"2229\" data-link=\"https:\/\/martyho.net\/?attachment_id=2229\" class=\"wp-image-2229\" srcset=\"https:\/\/martyho.net\/wp-content\/uploads\/2019\/07\/sedlo1.jpg 640w, https:\/\/martyho.net\/wp-content\/uploads\/2019\/07\/sedlo1-300x165.jpg 300w\" sizes=\"(max-width: 640px) 100vw, 640px\" \/><figcaption> Sedlo z vrchu<\/figcaption><\/figure><\/li><li class=\"blocks-gallery-item\"><figure><img decoding=\"async\" loading=\"lazy\" width=\"640\" height=\"302\" src=\"https:\/\/martyho.net\/wp-content\/uploads\/2019\/07\/sedlo2.jpg\" alt=\"\" data-id=\"2230\" data-link=\"https:\/\/martyho.net\/?attachment_id=2230\" class=\"wp-image-2230\" srcset=\"https:\/\/martyho.net\/wp-content\/uploads\/2019\/07\/sedlo2.jpg 640w, https:\/\/martyho.net\/wp-content\/uploads\/2019\/07\/sedlo2-300x142.jpg 300w\" sizes=\"(max-width: 640px) 100vw, 640px\" \/><figcaption> Sedlo zespodu<\/figcaption><\/figure><\/li><\/ul>\n\n\n\n<p><strong>Nosi\u010d<\/strong><br> (29.9.2004)<\/p>\n\n\n\n<p>Jako dal\u0161\u00ed &#8222;nutnou&#8220; v\u00fdbavu bylo pot\u0159eba ud\u011blat nosi\u010d. Kdy\u017e jsme jeli pro benz\u00edn, uk\u00e1zalo se, \u017ee nem\u00e1me kam d\u00e1t fla\u0161ku s olejem, kanystr s benz\u00ednem, n\u00e1kup, prost\u011b nic \u2026 Tak\u017ee jsem se pustil do tohoto \u2026 rozm\u011bry jsem ur\u010dil s ohledem na velikost \u010dty\u0159kolky 300x600mm, v\u00fd\u0161ka cca 50mm. Jako materi\u00e1l jsem pou\u017eil tenkost\u011bn\u00fd jekl uzav\u0159en\u00fd 15x15x2 mm, d\u00e9lka asi 3,2m. V\u00edc asi nem\u00e1 cenu popisovat, obr\u00e1zky toho \u0159eknou dost\u2026<\/p>\n\n\n\n<ul class=\"wp-block-gallery columns-2 is-cropped wp-block-gallery-7 is-layout-flex wp-block-gallery-is-layout-flex\"><li class=\"blocks-gallery-item\"><figure><img decoding=\"async\" loading=\"lazy\" width=\"640\" height=\"595\" src=\"https:\/\/martyho.net\/wp-content\/uploads\/2019\/07\/ctyrkolka3.jpg\" alt=\"\" data-id=\"2231\" data-link=\"https:\/\/martyho.net\/?attachment_id=2231\" class=\"wp-image-2231\" srcset=\"https:\/\/martyho.net\/wp-content\/uploads\/2019\/07\/ctyrkolka3.jpg 640w, https:\/\/martyho.net\/wp-content\/uploads\/2019\/07\/ctyrkolka3-300x279.jpg 300w\" sizes=\"(max-width: 640px) 100vw, 640px\" \/><figcaption> Dal\u0161\u00ed podoba \u010dty\u0159kolky s 35 km zku\u0161ebn\u00edch j\u00edzd<\/figcaption><\/figure><\/li><li class=\"blocks-gallery-item\"><figure><img decoding=\"async\" loading=\"lazy\" width=\"640\" height=\"483\" src=\"https:\/\/martyho.net\/wp-content\/uploads\/2019\/07\/nosic.jpg\" alt=\"\" data-id=\"2232\" data-link=\"https:\/\/martyho.net\/?attachment_id=2232\" class=\"wp-image-2232\" srcset=\"https:\/\/martyho.net\/wp-content\/uploads\/2019\/07\/nosic.jpg 640w, https:\/\/martyho.net\/wp-content\/uploads\/2019\/07\/nosic-300x226.jpg 300w\" sizes=\"(max-width: 640px) 100vw, 640px\" \/><figcaption> Nosi\u010d<\/figcaption><\/figure><\/li><\/ul>\n\n\n\n<p>Jestli jste si toho nev\u0161imli u\u017e d\u0159\u00edv, tak postupn\u011b z moj\u00ed ideje, \u017ee voz\u00edtko bude i pro d\u011bti, i pro dosp\u011bl\u00e9ho, se\u0161lo. Zjistil jsem toti\u017e, \u017ee pokud by to bylo univerz\u00e1ln\u00ed, bylo by to mimo jin\u00e9 n\u00e1ro\u010dn\u011bj\u0161\u00ed na v\u00fdrobu, ale hlavn\u011b pro d\u011bti m\u00e9n\u011b pohodln\u00e9. A co si budeme namlouvat, vzhledem k tomu, \u017ee to m\u00e1 b\u00fdt hlavn\u011b pro d\u011bti, dosp\u011bl\u00fd si na pohodl\u00ed nem\u016f\u017ee pom\u00fd\u0161let &#8211; viz 35,6km, kter\u00e9 m\u00e1 u\u017e voz\u00edtko najeto (30.9.2004) :o).<\/p>\n\n\n\n<p>Vy\u0159e\u0161il jsem tlumi\u010d s\u00e1n\u00ed &#8211; tady jsem m\u011bl p\u0159ipraveny dv\u011b varianty. Prvn\u00ed, vyrobit cel\u00fd tlumi\u010d s\u00e1n\u00ed podle v\u00fdpo\u010dtu, a druhou, pou\u017e\u00edt \u010d\u00e1st origin\u00e1ln\u00edho veden\u00ed. Spo\u010d\u00edtal jsem prvn\u00ed variantu, ale nakonec jsem se rozhodl j\u00ed nepou\u017e\u00edt. Pokud byste m\u011bli n\u011bkdo z\u00e1jem j\u00ed d\u011blat, mohu v\u00e1m poskytnout n\u00e1kres. Jedn\u00e1 se o plechovou krabi\u010dku 40x40x50mm. Varianta dv\u011b: pou\u017eil jsem hlin\u00edkov\u00fd tlumi\u010d, kter\u00fd je na Babett\u011b p\u0159i\u0161roubov\u00e1n p\u0159\u00edmo na r\u00e1m, a to pod krk \u0159\u00edzen\u00ed. M\u00e1 osazen\u00ed, kter\u00e9 umo\u017e\u0148uje mont\u00e1\u017e na trubku o pr\u016fm\u011bru cca 42mm. Toto osazen\u00ed jsem uzp\u016fsobil, aby bylo mo\u017eno tlumi\u010d p\u0159i\u0161roubovat na rovnou plochu. A pak u\u017e jen ud\u011blat z ploch\u00e1\u010de 40mm \u0161irok\u00e9ho onu &#8222;plochu&#8220;. Do n\u011bj vyvrtat d\u00edru o pr\u016fm\u011bru 20mm a do n\u00ed zava\u0159it tenkost\u011bnou konstruk\u010dn\u00ed trubku, na\u0159ezanou a ohnutou do \u00fahlu cca 90 stup\u0148\u016f. Vyvrtat dv\u011b d\u00edry a vyto\u010dit do nich M6 z\u00e1vit. <\/p>\n\n\n\n<p><strong>Stupa\u010dky a tlumi\u010d s\u00e1n\u00ed<\/strong><br> (2.10.2004) <\/p>\n\n\n\n<p>\n\nDal\u0161\u00edm krokem je ud\u011bl\u00e1n\u00ed stupa\u010dek. Jako materi\u00e1l jsem zvolil protiskluzov\u00fd hlin\u00edkov\u00fd plech tlou\u0161\u0165ky 4 mm, s takov\u00fdmi t\u011bm\u00ed &#8222;vy\u010duhuj\u00edc\u00edmi vzory&#8220;. Z po\u010d\u00edtku to vypadalo dost bled\u011b, proto\u017ee nikde nemohli\/necht\u011bli prodat tak mal\u00fd kousek plechu. Nejm\u00e9n\u011b nab\u00edz\u00ed Ferona, a to tabuli 1x1m :o(. Nakonec se mi povedlo sehnat takov\u00fd zbytek &#8211; troj\u00faheln\u00edk, ze kter\u00e9ho mi to v jedn\u00e9 d\u00edln\u011b nast\u0159\u00edhali a naoh\u00fdbali.\n\n<\/p>\n\n\n\n<p>\n\nVy\u0159e\u0161il jsem tlumi\u010d s\u00e1n\u00ed &#8211; tady jsem m\u011bl p\u0159ipraveny dv\u011b varianty. Prvn\u00ed, vyrobit cel\u00fd tlumi\u010d s\u00e1n\u00ed podle v\u00fdpo\u010dtu, a druhou, pou\u017e\u00edt \u010d\u00e1st origin\u00e1ln\u00edho veden\u00ed. Spo\u010d\u00edtal jsem prvn\u00ed variantu, ale nakonec jsem se rozhodl j\u00ed nepou\u017e\u00edt. Pokud byste m\u011bli n\u011bkdo z\u00e1jem j\u00ed d\u011blat, mohu v\u00e1m poskytnout n\u00e1kres. Jedn\u00e1 se o plechovou krabi\u010dku 40x40x50mm. Varianta dv\u011b: pou\u017eil jsem hlin\u00edkov\u00fd tlumi\u010d, kter\u00fd je na Babett\u011b p\u0159i\u0161roubov\u00e1n p\u0159\u00edmo na r\u00e1m, a to pod krk \u0159\u00edzen\u00ed. M\u00e1 osazen\u00ed, kter\u00e9 umo\u017e\u0148uje mont\u00e1\u017e na trubku o pr\u016fm\u011bru cca 42mm. Toto osazen\u00ed jsem uzp\u016fsobil, aby bylo mo\u017eno tlumi\u010d p\u0159i\u0161roubovat na rovnou plochu. A pak u\u017e jen ud\u011blat z ploch\u00e1\u010de 40mm \u0161irok\u00e9ho onu &#8222;plochu&#8220;. Do n\u011bj vyvrtat d\u00edru o pr\u016fm\u011bru 20mm a do n\u00ed zava\u0159it tenkost\u011bnou konstruk\u010dn\u00ed trubku, na\u0159ezanou a ohnutou do \u00fahlu cca 90 stup\u0148\u016f. Vyvrtat dv\u011b d\u00edry a vyto\u010dit do nich M6 z\u00e1vit. \n\n<\/p>\n\n\n\n<ul class=\"wp-block-gallery columns-2 is-cropped wp-block-gallery-9 is-layout-flex wp-block-gallery-is-layout-flex\"><li class=\"blocks-gallery-item\"><figure><img decoding=\"async\" loading=\"lazy\" width=\"235\" height=\"200\" src=\"https:\/\/martyho.net\/wp-content\/uploads\/2019\/07\/sani.jpg\" alt=\"\" data-id=\"2233\" data-link=\"https:\/\/martyho.net\/?attachment_id=2233\" class=\"wp-image-2233\"\/><figcaption>Tlumi\u010d s\u00e1n\u00ed<\/figcaption><\/figure><\/li><li class=\"blocks-gallery-item\"><figure><img decoding=\"async\" loading=\"lazy\" width=\"640\" height=\"415\" src=\"https:\/\/martyho.net\/wp-content\/uploads\/2019\/07\/stupacka.jpg\" alt=\"\" data-id=\"2234\" data-link=\"https:\/\/martyho.net\/?attachment_id=2234\" class=\"wp-image-2234\" srcset=\"https:\/\/martyho.net\/wp-content\/uploads\/2019\/07\/stupacka.jpg 640w, https:\/\/martyho.net\/wp-content\/uploads\/2019\/07\/stupacka-300x195.jpg 300w\" sizes=\"(max-width: 640px) 100vw, 640px\" \/><figcaption> Stupa\u010dka, zat\u00edm je\u0161t\u011b bez bo\u010dn\u00edho plechu <\/figcaption><\/figure><\/li><\/ul>\n\n\n\n<p><\/p>\n\n\n\n<p><strong>Brzdy<\/strong><br> (2.10.2004)<\/p>\n\n\n\n<p>Pro &#8222;d\u011btsk\u00fd&#8220; provoz je t\u0159eba upravit brzdy. Jsou tu 3 ks &#8211; ob\u011b p\u0159edn\u00ed kola + zadn\u00ed brzda. Rozhodl jsem se, \u017ee pro d\u011bti bude nejjednodu\u0161\u0161\u00ed ovl\u00e1d\u00e1n\u00ed p\u0159es jednu p\u00e1\u010dku na v\u0161echno. Pom\u011br brzdn\u00fdch sil se\u0159\u00edd\u00edm j\u00e1 a oni pak budou pouze p\u0159id\u00e1vat plyn, nebo brzdit \u2026 Jeliko\u017e budou tahat jednou p\u00e1\u010dku &#8222;t\u0159i p\u00e9ra&#8220;, tak to ud\u011bl\u00e1m jako tkov\u00fd mal\u00fd mechnick\u00fd &#8222;posilova\u010d&#8220;. S um\u00edst\u011bn\u00edm jsem si hlavu moc nel\u00e1mal &#8211; mezi zadn\u00ed \u010d\u00e1st\u00ed a r\u00e1mem se vyskytnul takov\u00fd &#8222;akor\u00e1t&#8220; prostor. Na fotk\u00e1ch je vid\u011bt p\u0159ep\u00e1kov\u00e1n\u00ed pro zadn\u00ed brzdu. P\u0159edn\u00ed zat\u00edm je\u0161t\u011b nem\u00e1m.<\/p>\n\n\n\n<div class=\"wp-block-image\"><figure class=\"aligncenter\"><img decoding=\"async\" loading=\"lazy\" width=\"260\" height=\"300\" src=\"https:\/\/martyho.net\/wp-content\/uploads\/2019\/07\/brzdy_prepakovani1-260x300.jpg\" alt=\"\" class=\"wp-image-2235\" srcset=\"https:\/\/martyho.net\/wp-content\/uploads\/2019\/07\/brzdy_prepakovani1-260x300.jpg 260w, https:\/\/martyho.net\/wp-content\/uploads\/2019\/07\/brzdy_prepakovani1.jpg 554w\" sizes=\"(max-width: 260px) 100vw, 260px\" \/><figcaption> P\u0159ep\u00e1kov\u00e1n\u00ed, zat\u00edm pouze pro zadn\u00ed brzdu<\/figcaption><\/figure><\/div>\n","protected":false},"excerpt":{"rendered":"<p>Zprovozn\u011bn\u00ed motoru (25.9.2004) Nyn\u00ed, kdy\u017e je konstrukce jak\u017e-tak\u017e ud\u011bl\u00e1na, je t\u0159eba dot\u00e1hnout spoustu dal\u0161\u00edch v\u011bc\u00ed. Jednou z nich je zprovozn\u011bn\u00ed motoru. Tomu br\u00e1n\u00ed v z\u00e1sad\u011b t\u0159i v\u011bci. 1) Zm\u011bna ovl\u00e1d\u00e1n\u00ed plynu &#8211; nebude oto\u010dn\u00e1 rukov\u011b\u0165, ale p\u00e1\u010dka 2) Zm\u011bna veden\u00ed s\u00e1n\u00ed a nov\u00fd tlumi\u010d s\u00e1n\u00ed 3) Zm\u011bna veden\u00ed a uchycen\u00ed v\u00fdfuku Prvn\u00ed probl\u00e9m u\u017e m\u00e1m &hellip; <\/p>\n<p class=\"link-more\"><a href=\"https:\/\/martyho.net\/index.php\/2004\/10\/02\/ctyrkolka-motor-sedadlo-nosic-stupacky-brzdy\/\" class=\"more-link\">Pokra\u010dovat ve \u010dten\u00ed<span class=\"screen-reader-text\"> &#8222;\u010cty\u0159kolka &#8211; motor, sedadlo, nosi\u010d, stupa\u010dky, brzdy&#8220;<\/span><\/a><\/p>\n","protected":false},"author":1,"featured_media":0,"comment_status":"open","ping_status":"open","sticky":false,"template":"","format":"standard","meta":{"footnotes":""},"categories":[62],"tags":[74],"_links":{"self":[{"href":"https:\/\/martyho.net\/index.php\/wp-json\/wp\/v2\/posts\/2222"}],"collection":[{"href":"https:\/\/martyho.net\/index.php\/wp-json\/wp\/v2\/posts"}],"about":[{"href":"https:\/\/martyho.net\/index.php\/wp-json\/wp\/v2\/types\/post"}],"author":[{"embeddable":true,"href":"https:\/\/martyho.net\/index.php\/wp-json\/wp\/v2\/users\/1"}],"replies":[{"embeddable":true,"href":"https:\/\/martyho.net\/index.php\/wp-json\/wp\/v2\/comments?post=2222"}],"version-history":[{"count":3,"href":"https:\/\/martyho.net\/index.php\/wp-json\/wp\/v2\/posts\/2222\/revisions"}],"predecessor-version":[{"id":2239,"href":"https:\/\/martyho.net\/index.php\/wp-json\/wp\/v2\/posts\/2222\/revisions\/2239"}],"wp:attachment":[{"href":"https:\/\/martyho.net\/index.php\/wp-json\/wp\/v2\/media?parent=2222"}],"wp:term":[{"taxonomy":"category","embeddable":true,"href":"https:\/\/martyho.net\/index.php\/wp-json\/wp\/v2\/categories?post=2222"},{"taxonomy":"post_tag","embeddable":true,"href":"https:\/\/martyho.net\/index.php\/wp-json\/wp\/v2\/tags?post=2222"}],"curies":[{"name":"wp","href":"https:\/\/api.w.org\/{rel}","templated":true}]}}